{"id":9387,"date":"2023-05-15T14:08:23","date_gmt":"2023-05-15T13:08:23","guid":{"rendered":"http:\/\/www.sf-bir.de\/?p=9387"},"modified":"2023-05-15T14:10:12","modified_gmt":"2023-05-15T13:10:12","slug":"mitgliederversammlung-2023","status":"publish","type":"post","link":"https:\/\/www.sf-bir.de\/?p=9387","title":{"rendered":"Mitgliederversammlung 2023"},"content":{"rendered":"<p style=\"text-align: justify;\"><a href=\"http:\/\/www.sf-bir.de\/wp-content\/uploads\/WhatsApp-Image-2023-05-13-at-21.38.10-Copy.jpeg\"><img loading=\"lazy\" decoding=\"async\" class=\"size-medium wp-image-9390 alignleft\" src=\"http:\/\/www.sf-bir.de\/wp-content\/uploads\/WhatsApp-Image-2023-05-13-at-21.38.10-Copy-300x219.jpeg\" alt=\"\" width=\"300\" height=\"219\" srcset=\"https:\/\/www.sf-bir.de\/wp-content\/uploads\/WhatsApp-Image-2023-05-13-at-21.38.10-Copy-300x219.jpeg 300w, https:\/\/www.sf-bir.de\/wp-content\/uploads\/WhatsApp-Image-2023-05-13-at-21.38.10-Copy-768x561.jpeg 768w, https:\/\/www.sf-bir.de\/wp-content\/uploads\/WhatsApp-Image-2023-05-13-at-21.38.10-Copy.jpeg 1024w\" sizes=\"auto, (max-width: 300px) 100vw, 300px\" \/><\/a>In harmonischer Atmosph\u00e4re verlief die diesj\u00e4hrige Mitgliederversammlung unseres Vereins am 13. Mai, bei der die Vorstands\u00e4mter neu gew\u00e4hlt wurden. Nach einer Vorstellung des neuen Vereinslogos, der neuen Vereinskleidung in Form von T-Shirts, Hoodies und Jacken und des Trainingsprogramms \u201eProjekt 2000\u201c wurden Antr\u00e4ge des Vorstands zur Einf\u00fchrung einer Ehrenordnung sowie zu einer \u00c4nderung der Finanzordnung angenommen. Nach den Rechenschaftsberichten des Vorstands bescheinigten die Kassenpr\u00fcfer dem scheidenden Schatzmeister Berthold Bohn eine einwandfreie Kassenf\u00fchrung. Sowohl Berthold als auch der ebenfalls aus dem Vorstand ausscheidende Werner Weller wurden mit kleinen Pr\u00e4senten bedacht.<\/p>\n<p><!--more--><\/p>\n<p style=\"text-align: justify;\"><a href=\"http:\/\/www.sf-bir.de\/wp-content\/uploads\/WhatsApp-Image-2023-05-13-at-21.38.10-2-Copy.jpeg\"><img loading=\"lazy\" decoding=\"async\" class=\"size-medium wp-image-9391 alignright\" src=\"http:\/\/www.sf-bir.de\/wp-content\/uploads\/WhatsApp-Image-2023-05-13-at-21.38.10-2-Copy-300x250.jpeg\" alt=\"\" width=\"300\" height=\"250\" srcset=\"https:\/\/www.sf-bir.de\/wp-content\/uploads\/WhatsApp-Image-2023-05-13-at-21.38.10-2-Copy-300x250.jpeg 300w, https:\/\/www.sf-bir.de\/wp-content\/uploads\/WhatsApp-Image-2023-05-13-at-21.38.10-2-Copy-768x640.jpeg 768w, https:\/\/www.sf-bir.de\/wp-content\/uploads\/WhatsApp-Image-2023-05-13-at-21.38.10-2-Copy.jpeg 922w\" sizes=\"auto, (max-width: 300px) 100vw, 300px\" \/><\/a>Bei den Neuwahlen des Vorstandes wurden Mario Ziegler (1. Vorsitzender), Alexander Ehrlich (2. Vorsitzender), Svenja Samson (Beisitzerin Jugend), Stephan Schoele (Beisitzer Spielbetrieb) und J\u00f6rn Didas (Beisitzer Zuschusswesen) einstimmig wiedergew\u00e4hlt. Marcus Wiesen wechselt von seinem bisherigen Posten als Materialwart auf das Amt des Beisitzers f\u00fcr Internet. Das Amt des Materialwarts \u00fcbernimmt k\u00fcnftig Dirk M\u00fcller. Neu im Vorstand sind mit Philipp N\u00e4her (Schatzmeister) und Leon Wollscheid (stellvertretender Spielleiter) zwei Vertreter der j\u00fcngeren Generation. Auch in der kommenden Amtszeit werden die bew\u00e4hrten Kassenpr\u00fcfer Christian Sch\u00e4fer, Michael Hippenstiel und Daniel Schmitt ihr T\u00e4tigkeit weiterf\u00fchren.<\/p>\n<p style=\"text-align: justify;\">Wir freuen uns sehr \u00fcber unsere neuen Kollegen und w\u00fcnschen ihnen eine erfolgreiche Mitarbeit im Vorstand! (Fotos: Michael Porcher)<\/p>\n","protected":false},"excerpt":{"rendered":"<p>In harmonischer Atmosph\u00e4re verlief die diesj\u00e4hrige Mitgliederversammlung unseres Vereins am 13. Mai, bei der die Vorstands\u00e4mter neu gew\u00e4hlt wurden. Nach<\/p>\n","protected":false},"author":292,"featured_media":0,"comment_status":"open","ping_status":"open","sticky":false,"template":"","format":"standard","meta":{"colormag_page_container_layout":"default_layout","colormag_page_sidebar_layout":"default_layout","ngg_post_thumbnail":0,"footnotes":""},"categories":[8],"tags":[575,375,36,69,324,179,568,28,246,523,91,325,551,273],"class_list":["post-9387","post","type-post","status-publish","format-standard","hentry","category-verein","tag-didas","tag-ehrlich","tag-hippenstiel","tag-mitgliederversammlung","tag-muller","tag-naher","tag-samson","tag-schafer","tag-schmitt","tag-schoele","tag-vorstand","tag-wiesen","tag-wollscheid","tag-ziegler"],"_links":{"self":[{"href":"https:\/\/www.sf-bir.de\/index.php?rest_route=\/wp\/v2\/posts\/9387","targetHints":{"allow":["GET"]}}],"collection":[{"href":"https:\/\/www.sf-bir.de\/index.php?rest_route=\/wp\/v2\/posts"}],"about":[{"href":"https:\/\/www.sf-bir.de\/index.php?rest_route=\/wp\/v2\/types\/post"}],"author":[{"embeddable":true,"href":"https:\/\/www.sf-bir.de\/index.php?rest_route=\/wp\/v2\/users\/292"}],"replies":[{"embeddable":true,"href":"https:\/\/www.sf-bir.de\/index.php?rest_route=%2Fwp%2Fv2%2Fcomments&post=9387"}],"version-history":[{"count":3,"href":"https:\/\/www.sf-bir.de\/index.php?rest_route=\/wp\/v2\/posts\/9387\/revisions"}],"predecessor-version":[{"id":9394,"href":"https:\/\/www.sf-bir.de\/index.php?rest_route=\/wp\/v2\/posts\/9387\/revisions\/9394"}],"wp:attachment":[{"href":"https:\/\/www.sf-bir.de\/index.php?rest_route=%2Fwp%2Fv2%2Fmedia&parent=9387"}],"wp:term":[{"taxonomy":"category","embeddable":true,"href":"https:\/\/www.sf-bir.de\/index.php?rest_route=%2Fwp%2Fv2%2Fcategories&post=9387"},{"taxonomy":"post_tag","embeddable":true,"href":"https:\/\/www.sf-bir.de\/index.php?rest_route=%2Fwp%2Fv2%2Ftags&post=9387"}],"curies":[{"name":"wp","href":"https:\/\/api.w.org\/{rel}","templated":true}]}}