{"id":3526,"date":"2013-03-17T01:48:36","date_gmt":"2013-03-17T00:48:36","guid":{"rendered":"http:\/\/www.sf-bir.de\/?p=3526"},"modified":"2013-03-17T01:52:41","modified_gmt":"2013-03-17T00:52:41","slug":"traing-erst-wieder-am-5-april-2013","status":"publish","type":"post","link":"https:\/\/www.sf-bir.de\/?p=3526","title":{"rendered":"Training erst wieder am 5. April 2013"},"content":{"rendered":"<p style=\"text-align: justify;\"><a href=\"http:\/\/www.sf-bir.de\/?attachment_id=3527\" rel=\"attachment wp-att-3527\"><img loading=\"lazy\" decoding=\"async\" class=\"alignleft  wp-image-3527\" alt=\"Osterkorb - clker.com - OCAL\" src=\"http:\/\/www.sf-bir.de\/wp-content\/uploads\/easter-egg-basket-hi-246x300.png\" width=\"172\" height=\"210\" srcset=\"https:\/\/www.sf-bir.de\/wp-content\/uploads\/easter-egg-basket-hi-246x300.png 246w, https:\/\/www.sf-bir.de\/wp-content\/uploads\/easter-egg-basket-hi.png 486w\" sizes=\"auto, (max-width: 172px) 100vw, 172px\" \/><\/a>Am n\u00e4chsten Freitag 22. M\u00e4rz und am Karfreitag, 29. M\u00e4rz 2013, f\u00e4llt das Schachtraining aus. F\u00fcr die Jugendlichen findet das n\u00e4chste Jugendtraining mit Kurt Geibel am 5. April 2013 \u2013 wie gewohnt \u2013 um 17:30 im Schachzimmer in der \u201cAlten Schule\u201d (am Kirchplatz) in Birkenfeld statt.<br \/>\nDie Erwachsenen treffen sich wieder ab dem 5. April im Schachzimmer \u2013 zur gewohnten Zeit ab 18:30 Uhr.<\/p>\n<p style=\"text-align: justify;\">Der Grund f\u00fcr die Pause ist neben dem Feiertag ein erfreulicher: Viele der regelm\u00e4\u00dfigen Trainingsbesucher werden an den beiden Wochenenden beim <a title=\"Schachkongress 2013\" href=\"http:\/\/www.schachkongress2013.de\/\" target=\"_blank\">82. Pf\u00e4lzischen Schachkongress in Zweibr\u00fccken<\/a> im Hauptturnier an den Start gehen \u2013 Daumen dr\u00fccken!<\/p>\n","protected":false},"excerpt":{"rendered":"<p>Am n\u00e4chsten Freitag 22. M\u00e4rz und am Karfreitag, 29. M\u00e4rz 2013, f\u00e4llt das Schachtraining aus.<\/p>\n","protected":false},"author":2,"featured_media":0,"comment_status":"open","ping_status":"open","sticky":false,"template":"","format":"standard","meta":{"colormag_page_container_layout":"default_layout","colormag_page_sidebar_layout":"default_layout","ngg_post_thumbnail":0,"footnotes":""},"categories":[10,8],"tags":[117,113,38,219,321,37],"class_list":["post-3526","post","type-post","status-publish","format-standard","hentry","category-psb","category-verein","tag-jugendtraining","tag-schachkongress","tag-schachzimmer","tag-spiel-training","tag-verein","tag-vereinsnews"],"_links":{"self":[{"href":"https:\/\/www.sf-bir.de\/index.php?rest_route=\/wp\/v2\/posts\/3526","targetHints":{"allow":["GET"]}}],"collection":[{"href":"https:\/\/www.sf-bir.de\/index.php?rest_route=\/wp\/v2\/posts"}],"about":[{"href":"https:\/\/www.sf-bir.de\/index.php?rest_route=\/wp\/v2\/types\/post"}],"author":[{"embeddable":true,"href":"https:\/\/www.sf-bir.de\/index.php?rest_route=\/wp\/v2\/users\/2"}],"replies":[{"embeddable":true,"href":"https:\/\/www.sf-bir.de\/index.php?rest_route=%2Fwp%2Fv2%2Fcomments&post=3526"}],"version-history":[{"count":4,"href":"https:\/\/www.sf-bir.de\/index.php?rest_route=\/wp\/v2\/posts\/3526\/revisions"}],"predecessor-version":[{"id":3531,"href":"https:\/\/www.sf-bir.de\/index.php?rest_route=\/wp\/v2\/posts\/3526\/revisions\/3531"}],"wp:attachment":[{"href":"https:\/\/www.sf-bir.de\/index.php?rest_route=%2Fwp%2Fv2%2Fmedia&parent=3526"}],"wp:term":[{"taxonomy":"category","embeddable":true,"href":"https:\/\/www.sf-bir.de\/index.php?rest_route=%2Fwp%2Fv2%2Fcategories&post=3526"},{"taxonomy":"post_tag","embeddable":true,"href":"https:\/\/www.sf-bir.de\/index.php?rest_route=%2Fwp%2Fv2%2Ftags&post=3526"}],"curies":[{"name":"wp","href":"https:\/\/api.w.org\/{rel}","templated":true}]}}