{"id":2629,"date":"2011-12-27T17:17:42","date_gmt":"2011-12-27T16:17:42","guid":{"rendered":"http:\/\/www.sf-bir.de\/?p=2629"},"modified":"2011-12-27T17:17:42","modified_gmt":"2011-12-27T16:17:42","slug":"1-runde-der-vereinsmeisterschaft-2012-ausgelost","status":"publish","type":"post","link":"https:\/\/www.sf-bir.de\/?p=2629","title":{"rendered":"1. Runde der Vereinsmeisterschaft 2012 ausgelost"},"content":{"rendered":"<figure id=\"attachment_2630\" aria-describedby=\"caption-attachment-2630\" style=\"width: 225px\" class=\"wp-caption alignright\"><a href=\"http:\/\/www.sf-bir.de\/?attachment_id=2630\" rel=\"attachment wp-att-2630\"><img loading=\"lazy\" decoding=\"async\" class=\"size-medium wp-image-2630\" title=\"Wappenschild Pokal Vereinsmeisterschaft\" src=\"http:\/\/www.sf-bir.de\/wp-content\/uploads\/Wappenschild-Pokal-Vereinsmeisterschaft-225x300.jpg\" alt=\"Wappenschild Pokal Vereinsmeisterschaft\" width=\"225\" height=\"300\" srcset=\"https:\/\/www.sf-bir.de\/wp-content\/uploads\/Wappenschild-Pokal-Vereinsmeisterschaft-225x300.jpg 225w, https:\/\/www.sf-bir.de\/wp-content\/uploads\/Wappenschild-Pokal-Vereinsmeisterschaft.jpg 300w\" sizes=\"auto, (max-width: 225px) 100vw, 225px\" \/><\/a><figcaption id=\"caption-attachment-2630\" class=\"wp-caption-text\">Das Objekt der Begierde: Der Wanderpokal der Schachfreunde Birkenfeld f\u00fcr den Vereinsmeister.<\/figcaption><\/figure>\n<p style=\"text-align: justify;\">Die Auslosung der ersten Runde zur Vereinsmeisterschaft 2012 brachte untenstehende Paarungen. Titelverteidiger Rodolfo Graf bekommt es in der ersten Runde mit dem Mannschaftsf\u00fchrer der 2. Mannschaft, Tobias Schwabe, zu tun, w\u00e4hrend seine hartn\u00e4ckigsten Konkurrenten aus 2011, Uwe Kendzior und Boris Gubin, mit Verena Jacobs und Dominik Freimuth zwei Nachwuchsspieler der dritten Mannschaft als Gegner zugelost bekamen. Beide spielten j\u00fcngst ein hervorragendes Jugendturnier in Idar-Oberstein und so werden die vermeintlichen &#8222;Pflichtsiege&#8220; gleich zu ernsten Pr\u00fcfungen (und ggf. Stolpersteinen?!) f\u00fcr die Favoriten.<\/p>\n<p style=\"text-align: justify;\"><!--more--><\/p>\n<p style=\"text-align: justify;\">Derzeit stehen erst zwei Termine fest: Die erste Runde endet am 27. Januar 2012 und die 9. Runde findet traditionell zentral im Schachzimmer am 1. November 2012 statt. Weitere Spieltermine folgen und werden hier, sowie unter dem Punkt &#8222;VM 2012&#8220; im Men\u00fc &#8222;Vereinsmeisterschaft&#8220; bekannt gegeben.<\/p>\n<h2>Paarungsliste &#8211; 1. Runde<\/h2>\n<table border=\"2\" cellspacing=\"2\" cellpadding=\"2\" bgcolor=\"#C0C0C0\">\n<tbody>\n<tr>\n<td colspan=\"9\">Paarungsliste der 1. Runde<\/td>\n<\/tr>\n<tr bgcolor=\"#00FF00\">\n<th>Nr.<\/th>\n<th>Teilnehmer<\/th>\n<th>Pkt<\/th>\n<th>&#8211;<\/th>\n<th>Teilnehmer<\/th>\n<th>Pkt<\/th>\n<th>Erg<\/th>\n<\/tr>\n<tr bgcolor=\"#00FFFF\">\n<td>1<\/td>\n<td>Gubin, Boris<\/td>\n<td>()<\/td>\n<td>&#8211;<\/td>\n<td>Freimuth, Dominik<\/td>\n<td>()<\/td>\n<td>&#8211;<\/td>\n<\/tr>\n<tr bgcolor=\"#00FFFF\">\n<td>2<\/td>\n<td>Jacobs, Verena<\/td>\n<td>()<\/td>\n<td>&#8211;<\/td>\n<td>Kendzior, Uwe<\/td>\n<td>()<\/td>\n<td>&#8211;<\/td>\n<\/tr>\n<tr bgcolor=\"#00FFFF\">\n<td>3<\/td>\n<td>H\u00e4nsel ,Gerhard<\/td>\n<td>()<\/td>\n<td>&#8211;<\/td>\n<td>Hauch, Konstantin<\/td>\n<td>()<\/td>\n<td>&#8211;<\/td>\n<\/tr>\n<tr bgcolor=\"#00FFFF\">\n<td>4<\/td>\n<td>Geiss, J\u00fcrgen<\/td>\n<td>()<\/td>\n<td>&#8211;<\/td>\n<td>Bohn, Berthold<\/td>\n<td>()<\/td>\n<td>&#8211;<\/td>\n<\/tr>\n<tr bgcolor=\"#00FFFF\">\n<td>5<\/td>\n<td>Dockhorn, Alfred<\/td>\n<td>()<\/td>\n<td>&#8211;<\/td>\n<td>Jacobs, Daniel<\/td>\n<td>()<\/td>\n<td>&#8211;<\/td>\n<\/tr>\n<tr bgcolor=\"#00FFFF\">\n<td>6<\/td>\n<td>Graf, Rodolfo<\/td>\n<td>()<\/td>\n<td>&#8211;<\/td>\n<td>Schwabe, Tobias<\/td>\n<td>()<\/td>\n<td>&#8211;<\/td>\n<\/tr>\n<tr bgcolor=\"#00FFFF\">\n<td>7<\/td>\n<td>M\u00fcller, Dirk<\/td>\n<td>()<\/td>\n<td>&#8211;<\/td>\n<td>Porcher, Ernst<\/td>\n<td>()<\/td>\n<td>&#8211;<\/td>\n<\/tr>\n<tr bgcolor=\"#00FFFF\">\n<td>8<\/td>\n<td>Schultheiss, Walter<\/td>\n<td>()<\/td>\n<td>&#8211;<\/td>\n<td>Wiesen, Marcus<\/td>\n<td>()<\/td>\n<td>&#8211;<\/td>\n<\/tr>\n<tr bgcolor=\"#00FFFF\">\n<td>9<\/td>\n<td>Lozar, Peter<\/td>\n<td>()<\/td>\n<td>&#8211;<\/td>\n<td>Geibel, Kurt<\/td>\n<td>()<\/td>\n<td>&#8211;<\/td>\n<\/tr>\n<\/tbody>\n<\/table>\n","protected":false},"excerpt":{"rendered":"<p>Die Auslosung der ersten Runde zur Vereinsmeisterschaft 2012 brachte untenstehende Paarungen. Titelverteidiger Rodolfo Graf bekommt es in der ersten Runde<\/p>\n","protected":false},"author":2,"featured_media":0,"comment_status":"open","ping_status":"open","sticky":false,"template":"","format":"standard","meta":{"colormag_page_container_layout":"default_layout","colormag_page_sidebar_layout":"default_layout","ngg_post_thumbnail":0,"footnotes":""},"categories":[3],"tags":[48,77,27,32,25,38,26,317,37],"class_list":["post-2629","post","type-post","status-publish","format-standard","hentry","category-vereinsmeisterschaft","tag-freimuth","tag-graf","tag-gubin","tag-jacobs","tag-kendzior","tag-schachzimmer","tag-schwabe","tag-vereinsmeisterschaft","tag-vereinsnews"],"_links":{"self":[{"href":"https:\/\/www.sf-bir.de\/index.php?rest_route=\/wp\/v2\/posts\/2629","targetHints":{"allow":["GET"]}}],"collection":[{"href":"https:\/\/www.sf-bir.de\/index.php?rest_route=\/wp\/v2\/posts"}],"about":[{"href":"https:\/\/www.sf-bir.de\/index.php?rest_route=\/wp\/v2\/types\/post"}],"author":[{"embeddable":true,"href":"https:\/\/www.sf-bir.de\/index.php?rest_route=\/wp\/v2\/users\/2"}],"replies":[{"embeddable":true,"href":"https:\/\/www.sf-bir.de\/index.php?rest_route=%2Fwp%2Fv2%2Fcomments&post=2629"}],"version-history":[{"count":2,"href":"https:\/\/www.sf-bir.de\/index.php?rest_route=\/wp\/v2\/posts\/2629\/revisions"}],"predecessor-version":[{"id":2632,"href":"https:\/\/www.sf-bir.de\/index.php?rest_route=\/wp\/v2\/posts\/2629\/revisions\/2632"}],"wp:attachment":[{"href":"https:\/\/www.sf-bir.de\/index.php?rest_route=%2Fwp%2Fv2%2Fmedia&parent=2629"}],"wp:term":[{"taxonomy":"category","embeddable":true,"href":"https:\/\/www.sf-bir.de\/index.php?rest_route=%2Fwp%2Fv2%2Fcategories&post=2629"},{"taxonomy":"post_tag","embeddable":true,"href":"https:\/\/www.sf-bir.de\/index.php?rest_route=%2Fwp%2Fv2%2Ftags&post=2629"}],"curies":[{"name":"wp","href":"https:\/\/api.w.org\/{rel}","templated":true}]}}